{"id":54,"date":"2025-03-06T05:53:16","date_gmt":"2025-03-06T05:53:16","guid":{"rendered":"https:\/\/expedicionescientificas.com.py\/?p=54"},"modified":"2025-03-06T06:39:11","modified_gmt":"2025-03-06T06:39:11","slug":"cerro-nemby-17-km-de-asu","status":"publish","type":"post","link":"https:\/\/expedicionescientificas.com.py\/index.php\/2025\/03\/06\/cerro-nemby-17-km-de-asu\/","title":{"rendered":"Recorridos Geocient\u00edficos:"},"content":{"rendered":"\n<figure class=\"wp-block-video\"><video height=\"1080\" style=\"aspect-ratio: 1620 \/ 1080;\" width=\"1620\" controls src=\"https:\/\/expedicionescientificas.com.py\/wp-content\/uploads\/2025\/03\/1122-Version-4.mp4\"><\/video><\/figure>\n\n\n\n<figure class=\"wp-block-video\"><video height=\"1080\" style=\"aspect-ratio: 1620 \/ 1080;\" width=\"1620\" controls src=\"https:\/\/expedicionescientificas.com.py\/wp-content\/uploads\/2025\/03\/1122-Cerro-Nemby-Toma-2-1.mp4\"><\/video><\/figure>\n\n\n\n<h2 class=\"wp-block-heading\">Cerro \u00d1emby (17 km de Asu).<\/h2>\n\n\n\n<p class=\"wp-block-paragraph\">Duraci\u00f3n: Medio d\u00eda.<\/p>\n\n\n\n<p class=\"wp-block-paragraph\">Precio por persona: 100 d\u00f3lares.<\/p>\n\n\n\n<p class=\"wp-block-paragraph\">La Cantera de \u00d1emby est\u00e1 formada por Rocas \u00cdgneas, es una distenci\u00f3n de Corteza Oce\u00e1nica, Intrusiva, Columnar, del Cret\u00e1cico, formando en una zona diaclasa y en otras se encuentran cristales olivinos por ser de Rocas de Manto muy profundo.<\/p>\n\n\n\n<p class=\"wp-block-paragraph\">En el Mesozoico Cret\u00e1cico Superior se forma el grupo Asunci\u00f3n en ciclo Sudatl\u00e1ntico. En el CenozoicoTerciario Pale\u00f3geno la Suite Intrusiva \u00d1emby en Ciclo Andino.<\/p>\n\n\n\n<p class=\"wp-block-paragraph\">Las rocas de los cerros de \u00d1emby, Lambar\u00e9 y otros tienen edades en un rango comprendido entre los 60 a 38 Ma por lo que en general estas rocas pertenecen a la fase magm\u00e1tica del Ciclo Tect\u00f3nico Andino en el Terciario Inferior.<\/p>\n\n\n\n<p class=\"wp-block-paragraph\">La sedimentaci\u00f3n sinrift posterior al magmatismo corresponde al Grupo Asunci\u00f3n, como relleno del semigraben formado en el \u00faltimo pulso tect\u00f3nico del Rift de Asunci\u00f3n. Esta sedimentaci\u00f3n de conglomerados y areniscas se caracteriza por la presencia de clastos y bloques de rocas de la fase magm\u00e1tica del ciclo.<\/p>\n\n\n\n<p class=\"wp-block-paragraph\">&nbsp;El Cenozoico se halla presente en el cuadrante de la hoja en forma de conos aislados, pertenecientes a la Suite Intrusiva \u00d1emby, distribuidos en toda la estructura del rift. El evento tectomagm\u00e1tico corresponde a una reactivaci\u00f3n del rift, como consecuencia del Ciclo Tect\u00f3nico Andino, en el Terciario Inferior. Esta reactivaci\u00f3n eleva relativamente el Bloque de Asunci\u00f3n, confiri\u00e9ndole a la estructura su morfolog\u00eda actual. La evoluci\u00f3n geol\u00f3gica del \u00e1rea ha sido afectada por cinco eventos tect\u00f3nicos de diferentes magnitudes y con direcciones preferenciales, siendo el Ciclo Tect\u00f3nico Subatl\u00e1ntico el de mayor significaci\u00f3n, por tratarse del periodo m\u00e1s activo del Rift de Asunci\u00f3n. Esta estructura marca sus pasos a partir del Carbon\u00edfero Inferior, llegando a su apogeo en el Cret\u00e1cico y culminando en el Terciario Inferior.<\/p>\n\n\n\n<p class=\"wp-block-paragraph\">Incluye:<\/p>\n\n\n\n<p class=\"wp-block-paragraph\">No incluye:<\/p>\n\n\n\n<figure class=\"wp-block-video\"><video height=\"1080\" style=\"aspect-ratio: 1620 \/ 1080;\" width=\"1620\" controls src=\"https:\/\/expedicionescientificas.com.py\/wp-content\/uploads\/2025\/03\/1122-Cerro-Koi-Toma-2-Efecto-Zoom-in-out.mp4\"><\/video><\/figure>\n\n\n\n<h2 class=\"wp-block-heading\">Cerro K\u00f5i y Cerro Choror\u0129 (19,9 km de Asu).<\/h2>\n\n\n\n<p class=\"wp-block-paragraph\">Duraci\u00f3n: Medio d\u00eda.<\/p>\n\n\n\n<p class=\"wp-block-paragraph\">Precio por persona: 100 d\u00f3lares.<\/p>\n\n\n\n<p class=\"wp-block-paragraph\">Ubicados en el Distrito de Aregu\u00e1 del Departamento Central, el Cerro K\u00f5i y Choror\u0129 forman \u00c1reas Silvestres Protegidas que cuentan respectivamente con una superficie de 12 (doce) y 5 (cinco) hect\u00e1reas.<\/p>\n\n\n\n<p class=\"wp-block-paragraph\">Poseen una geomorfolog\u00eda \u00fanica y una vegetaci\u00f3n en forma de Gradiente que cubre diferentes zonas caracteriz\u00e1ndose por su composici\u00f3n flor\u00edstica.<\/p>\n\n\n\n<p class=\"wp-block-paragraph\">El Cerro K\u00f5i est\u00e1 formado por sedimentos de arenisca y zonas de rocas \u00edgneas con estratificaci\u00f3n horizontal.<\/p>\n\n\n\n<p class=\"wp-block-paragraph\">Incluye:<\/p>\n\n\n\n<p class=\"wp-block-paragraph\">No incluye:<\/p>\n\n\n\n<h2 class=\"wp-block-heading\">Cavernas de Vallem\u00ed (590 km de Asu).<\/h2>\n\n\n\n<p class=\"wp-block-paragraph\">Duraci\u00f3n: 3 d\u00edas, 2 noches.<\/p>\n\n\n\n<p class=\"wp-block-paragraph\">Precio: 1.300 d\u00f3lares.<\/p>\n\n\n\n<figure class=\"wp-block-image size-full\"><img loading=\"lazy\" decoding=\"async\" width=\"299\" height=\"168\" src=\"https:\/\/expedicionescientificas.com.py\/wp-content\/uploads\/2025\/03\/image.jpeg\" alt=\"\" class=\"wp-image-57\"\/><\/figure>\n\n\n\n<p class=\"wp-block-paragraph\">Incluye:<\/p>\n\n\n\n<p class=\"wp-block-paragraph\">No incluye:<\/p>\n\n\n\n<h2 class=\"wp-block-heading\">Cerro Yaguar\u00f3n y Rocas de Cordillera (50 km y 60 Km de Asu).<\/h2>\n\n\n\n<p class=\"wp-block-paragraph\">Duraci\u00f3n: 1 d\u00eda.<\/p>\n\n\n\n<p class=\"wp-block-paragraph\">Precio por persona: 190 d\u00f3lares.<\/p>\n\n\n\n<figure class=\"wp-block-image size-full\"><img loading=\"lazy\" decoding=\"async\" width=\"300\" height=\"168\" src=\"https:\/\/expedicionescientificas.com.py\/wp-content\/uploads\/2025\/03\/image-1.jpeg\" alt=\"\" class=\"wp-image-58\"\/><\/figure>\n\n\n\n<p class=\"wp-block-paragraph\">Incluye:<\/p>\n\n\n\n<p class=\"wp-block-paragraph\">No incluye:<\/p>\n\n\n\n<h2 class=\"wp-block-heading\">Chaco H\u00famedo.<\/h2>\n\n\n\n<p class=\"wp-block-paragraph\">Duraci\u00f3n: 1 d\u00eda.<\/p>\n\n\n\n<p class=\"wp-block-paragraph\">Precio por persona: 190 d\u00f3lares.<\/p>\n\n\n\n<p class=\"wp-block-paragraph\">Incluye:<\/p>\n\n\n\n<p class=\"wp-block-paragraph\">No incluye:<\/p>\n\n\n\n<h2 class=\"wp-block-heading\">Chaco Seco.<\/h2>\n\n\n\n<p class=\"wp-block-paragraph\">Duraci\u00f3n: 5 d\u00edas, 4 noches.<\/p>\n\n\n\n<p class=\"wp-block-paragraph\">Precio por persona: 1.700 d\u00f3lares.<\/p>\n\n\n\n<p class=\"wp-block-paragraph\">Duraci\u00f3n: 12 d\u00edas, 11 noches.<\/p>\n\n\n\n<p class=\"wp-block-paragraph\">Precio por persona: 5.200 a 2.500 d\u00f3lares.<\/p>\n\n\n\n<p class=\"wp-block-paragraph\">Incluye:<\/p>\n\n\n\n<p class=\"wp-block-paragraph\">No incluye:<\/p>\n\n\n\n<p class=\"wp-block-paragraph\"><\/p>\n\n\n\n<h2 class=\"wp-block-heading\">Sobre Nosotros.<\/h2>\n\n\n\n<p class=\"wp-block-paragraph\">Integrantes:<\/p>\n\n\n\n<p class=\"wp-block-paragraph\">Proyectos actuales.<\/p>\n\n\n\n<p class=\"wp-block-paragraph\">Proyectos pasados.<\/p>\n\n\n\n<p class=\"wp-block-paragraph\">Publicaciones.<\/p>\n\n\n\n<h2 class=\"wp-block-heading\">Misi\u00f3n.<\/h2>\n\n\n\n<p class=\"wp-block-paragraph\">Misi\u00f3n<\/p>\n\n\n\n<h2 class=\"wp-block-heading\">Visi\u00f3n.<\/h2>\n\n\n\n<p class=\"wp-block-paragraph\">Visi\u00f3n<\/p>\n\n\n\n<h2 class=\"wp-block-heading\">Objetivos.<\/h2>\n\n\n\n<p class=\"wp-block-paragraph\">Objetivos<\/p>\n","protected":false},"excerpt":{"rendered":"<p>Cerro \u00d1emby (17 km de Asu). Duraci\u00f3n: Medio d\u00eda. Precio por persona: 100 d\u00f3lares. La Cantera de \u00d1emby est\u00e1 formada por Rocas \u00cdgneas, es una distenci\u00f3n de Corteza Oce\u00e1nica, Intrusiva, Columnar, del Cret\u00e1cico, formando en&hellip; <a href=\"https:\/\/expedicionescientificas.com.py\/index.php\/2025\/03\/06\/cerro-nemby-17-km-de-asu\/\">More<\/a><\/p>\n","protected":false},"author":1,"featured_media":0,"comment_status":"open","ping_status":"open","sticky":false,"template":"","format":"standard","meta":{"footnotes":""},"categories":[1],"tags":[],"class_list":["post-54","post","type-post","status-publish","format-standard","hentry","category-uncategorized"],"_links":{"self":[{"href":"https:\/\/expedicionescientificas.com.py\/index.php\/wp-json\/wp\/v2\/posts\/54","targetHints":{"allow":["GET"]}}],"collection":[{"href":"https:\/\/expedicionescientificas.com.py\/index.php\/wp-json\/wp\/v2\/posts"}],"about":[{"href":"https:\/\/expedicionescientificas.com.py\/index.php\/wp-json\/wp\/v2\/types\/post"}],"author":[{"embeddable":true,"href":"https:\/\/expedicionescientificas.com.py\/index.php\/wp-json\/wp\/v2\/users\/1"}],"replies":[{"embeddable":true,"href":"https:\/\/expedicionescientificas.com.py\/index.php\/wp-json\/wp\/v2\/comments?post=54"}],"version-history":[{"count":5,"href":"https:\/\/expedicionescientificas.com.py\/index.php\/wp-json\/wp\/v2\/posts\/54\/revisions"}],"predecessor-version":[{"id":66,"href":"https:\/\/expedicionescientificas.com.py\/index.php\/wp-json\/wp\/v2\/posts\/54\/revisions\/66"}],"wp:attachment":[{"href":"https:\/\/expedicionescientificas.com.py\/index.php\/wp-json\/wp\/v2\/media?parent=54"}],"wp:term":[{"taxonomy":"category","embeddable":true,"href":"https:\/\/expedicionescientificas.com.py\/index.php\/wp-json\/wp\/v2\/categories?post=54"},{"taxonomy":"post_tag","embeddable":true,"href":"https:\/\/expedicionescientificas.com.py\/index.php\/wp-json\/wp\/v2\/tags?post=54"}],"curies":[{"name":"wp","href":"https:\/\/api.w.org\/{rel}","templated":true}]}}